{"id":11,"date":"2024-06-13T19:41:01","date_gmt":"2024-06-13T19:41:01","guid":{"rendered":"http:\/\/www.luggagestorageparis.fr\/?p=11"},"modified":"2024-11-05T14:32:44","modified_gmt":"2024-11-05T14:32:44","slug":"la-consigne-de-la-tour-eiffel","status":"publish","type":"post","link":"https:\/\/www.luggagestorageparis.fr\/fr\/la-consigne-de-la-tour-eiffel\/","title":{"rendered":"Consigne \u00e0 bagages Tour Eiffel 2024"},"content":{"rendered":"<p>La tour Eiffel, symbole embl\u00e9matique de Paris et l'un des monuments les plus reconnaissables au monde, attire des millions de visiteurs chaque ann\u00e9e. Que vous montiez dans ses hauteurs pour profiter d'une vue \u00e0 couper le souffle ou que vous l'admiriez depuis le sol, le transport de bagages lourds peut rapidement diminuer l'exp\u00e9rience. Ce guide complet explore les possibilit\u00e9s de stockage des bagages \u00e0 proximit\u00e9 de la Tour Eiffel, afin que vous puissiez profiter pleinement de cette magnifique structure sans avoir \u00e0 vous encombrer de sacs trop lourds.<\/p>\n\n\n\n<h2 class=\"wp-block-heading\">Peut-on emporter des sacs dans la Tour Eiffel ?<\/h2>\n\n\n\n<p>La Tour Eiffel a mis en place des mesures de s\u00e9curit\u00e9 strictes. Si les petits sacs et les sacs \u00e0 main sont g\u00e9n\u00e9ralement autoris\u00e9s, les grands sacs \u00e0 dos, les valises et les objets encombrants sont interdits pour des raisons de s\u00e9curit\u00e9. Tous les sacs sont soumis \u00e0 un contr\u00f4le de s\u00e9curit\u00e9 avant l'entr\u00e9e.<br>Heureusement, vous trouverez plusieurs options de stockage de bagages du Louvre dans les environs, comme Radical Storage.<\/p>\n\n\n\n<figure class=\"wp-block-image aligncenter size-full is-resized\"><img loading=\"lazy\" decoding=\"async\" width=\"790\" height=\"170\" src=\"https:\/\/www.luggagestorageparis.fr\/wp-content\/uploads\/2024\/06\/Radical-Storage-alpha.png\" alt=\"\" class=\"wp-image-71\" style=\"width:352px;height:auto\" srcset=\"https:\/\/www.luggagestorageparis.fr\/wp-content\/uploads\/2024\/06\/Radical-Storage-alpha.png 790w, https:\/\/www.luggagestorageparis.fr\/wp-content\/uploads\/2024\/06\/Radical-Storage-alpha-300x65.png 300w, https:\/\/www.luggagestorageparis.fr\/wp-content\/uploads\/2024\/06\/Radical-Storage-alpha-768x165.png 768w\" sizes=\"auto, (max-width: 790px) 100vw, 790px\" \/><\/figure>\n\n\n\n<div class=\"wp-block-buttons is-content-justification-center is-layout-flex wp-container-core-buttons-is-layout-a89b3969 wp-block-buttons-is-layout-flex\">\n<div class=\"wp-block-button is-style-primary\"><a class=\"wp-block-button__link wp-element-button\" href=\"https:\/\/radicalstorage.com\/storage-list\/paris?s=Av.%20Gustave%20Eiffel%2C%2075007%20Paris%2C%20France&amp;lat=48.85837009999999&amp;lng=2.2944813&amp;utm_source=microblogs&amp;utm_medium=www.luggagestorageparis.fr&amp;utm_campaign=tour-eiffel\">R\u00c9SERVEZ MAINTENANT<\/a><\/div>\n<\/div>\n\n\n\n<h2 class=\"wp-block-heading\">Peut-on d\u00e9poser des bagages \u00e0 la Tour Eiffel ?<\/h2>\n\n\n\n<p>Malheureusement, la Tour Eiffel n'offre pas de service de consigne \u00e0 bagages aux visiteurs. Ceci afin d'assurer la s\u00e9curit\u00e9 et le confort de tous les visiteurs, ainsi que la fluidit\u00e9 du flux de visiteurs dans la tour.<\/p>\n\n\n\n<h2 class=\"wp-block-heading\">Y a-t-il des casiers \u00e0 la Tour Eiffel ?<\/h2>\n\n\n\n<p>Il n'y a pas de consigne \u00e0 bagages, d'entrep\u00f4t ou de vestiaire \u00e0 l'int\u00e9rieur de la Tour Eiffel. Il est conseill\u00e9 aux visiteurs de prendre d'autres dispositions pour entreposer leurs bagages avant de visiter la tour.<\/p>\n\n\n\n<h2 class=\"wp-block-heading\">Pourquoi devriez-vous stocker vos sacs avec Radical Storage ?<\/h2>\n\n\n\n<p>Radical Storage s'impose comme le premier choix de consigne \u00e0 bagages pr\u00e8s de la Tour Eiffel pour plusieurs raisons imp\u00e9rieuses :<\/p>\n\n\n\n<p><strong>Emplacements pratiques<\/strong>: De nombreux points de stockage sont strat\u00e9giquement situ\u00e9s \u00e0 quelques pas de la Tour Eiffel, offrant une accessibilit\u00e9 in\u00e9gal\u00e9e.<\/p>\n\n\n\n<p><strong>Abordabilit\u00e9<\/strong>: A seulement 5 \u20ac par sac et par jour, Radical Storage offre une solution rentable par rapport \u00e0 d'autres options de stockage \u00e0 Paris.<\/p>\n\n\n\n<p><strong>S\u00e9curit\u00e9 robuste<\/strong>: Chaque lieu de stockage est soigneusement contr\u00f4l\u00e9 et vos biens sont prot\u00e9g\u00e9s par une garantie de 3 000 euros, ce qui vous assure la tranquillit\u00e9 d'esprit lors de votre visite.<\/p>\n\n\n\n<p><strong>Capacit\u00e9 flexible<\/strong>: Contrairement aux casiers de taille fixe, le Radical Storage peut accueillir des bagages de tailles et de types diff\u00e9rents, du petit sac \u00e0 main \u00e0 la grande valise.<\/p>\n\n\n\n<p><strong>Une exp\u00e9rience sans faille<\/strong>: Des r\u00e9servations simples en ligne et un processus d'enregistrement et de d\u00e9part rapide (3 minutes) garantissent une exp\u00e9rience sans tracas et vous permettent de gagner un temps pr\u00e9cieux pour visiter la ville.<\/p>\n\n\n\n<p><strong>Un soutien exceptionnel \u00e0 la client\u00e8le<\/strong>: Un service client\u00e8le multilingue, disponible 24 heures sur 24 et 7 jours sur 7, est \u00e0 votre disposition pour r\u00e9pondre \u00e0 vos questions et vous rassurer tout au long de votre visite.<\/p>\n\n\n\n<p><strong>Perspectives locales<\/strong>: B\u00e9n\u00e9ficiez des conseils et des recommandations de nos h\u00f4tes pour am\u00e9liorer votre exp\u00e9rience parisienne.<\/p>\n\n\n\n<p><strong>Heures prolong\u00e9es<\/strong>: De nombreux sites Radical Storage proposent des heures d'ouverture \u00e9tendues, permettant d'accueillir les arriv\u00e9es matinales ou les d\u00e9parts tardifs.<\/p>\n\n\n\n<p><strong>Garantie incluse<\/strong>: Vos biens sont automatiquement assur\u00e9s, ce qui vous offre une protection suppl\u00e9mentaire et une tranquillit\u00e9 d'esprit.<\/p>\n\n\n\n<p><strong>Aucune limite de poids<\/strong>: Contrairement \u00e0 certaines options de stockage, Radical Storage n'impose pas de restrictions de poids pour les bagages.<\/p>\n\n\n\n<h2 class=\"wp-block-heading\">Comment r\u00e9server une consigne \u00e0 bagages<\/h2>\n\n\n\n<p>La r\u00e9servation d'un espace de stockage de bagages aupr\u00e8s de Radical Storage est un processus simple :<\/p>\n\n\n\n<p>1. Utilisez leur application ou leur site web pour trouver des lieux de stockage \u00e0 proximit\u00e9.<\/p>\n\n\n\n<p>2. S\u00e9lectionnez un lieu appropri\u00e9 et r\u00e9servez votre espace de stockage.<\/p>\n\n\n\n<p>3. Recevoir une confirmation avec les d\u00e9tails de l'emplacement et les instructions.<\/p>\n\n\n\n<p>4. D\u00e9posez vos bagages \u00e0 l'endroit choisi.<\/p>\n\n\n\n<p>5. R\u00e9cup\u00e9rer vos biens \u00e0 votre convenance dans les d\u00e9lais pr\u00e9vus.<\/p>\n\n\n\n<figure class=\"wp-block-image aligncenter size-full is-resized\"><a href=\"https:\/\/radicalstorage.com\/luggage-storage\/paris\/tour-eiffel\"><img loading=\"lazy\" decoding=\"async\" width=\"360\" height=\"350\" src=\"https:\/\/www.luggagestorageparis.fr\/wp-content\/uploads\/2024\/06\/radical-storage-app-3.png\" alt=\"application de stockage radical\" class=\"wp-image-48\" style=\"width:288px;height:auto\" srcset=\"https:\/\/www.luggagestorageparis.fr\/wp-content\/uploads\/2024\/06\/radical-storage-app-3.png 360w, https:\/\/www.luggagestorageparis.fr\/wp-content\/uploads\/2024\/06\/radical-storage-app-3-300x292.png 300w\" sizes=\"auto, (max-width: 360px) 100vw, 360px\" \/><\/a><\/figure>\n\n\n\n<div class=\"wp-block-buttons is-content-justification-center is-layout-flex wp-container-core-buttons-is-layout-a89b3969 wp-block-buttons-is-layout-flex\">\n<div class=\"wp-block-button is-style-primary\"><a class=\"wp-block-button__link wp-element-button\" href=\"https:\/\/radicalstorage.com\/storage-list\/paris?s=Av.%20Gustave%20Eiffel%2C%2075007%20Paris%2C%20France&amp;lat=48.85837009999999&amp;lng=2.2944813&amp;utm_source=microblogs&amp;utm_medium=www.luggagestorageparis.fr&amp;utm_campaign=tour-eiffel\">R\u00c9SERVEZ MAINTENANT<\/a><\/div>\n<\/div>\n\n\n\n<h2 class=\"wp-block-heading\">Conseils pour une exp\u00e9rience sans faille avec Radical Storage<\/h2>\n\n\n\n<p>1. R\u00e9servez \u00e0 l'avance, surtout pendant la haute saison touristique.<\/p>\n\n\n\n<p>2. Choisissez un lieu de stockage qui corresponde \u00e0 votre itin\u00e9raire.<\/p>\n\n\n\n<p>3. Prenez des photos de vos bagages avant de les ranger pour les identifier facilement.<\/p>\n\n\n\n<p>4. Gardez votre confirmation de r\u00e9servation facilement accessible sur votre t\u00e9l\u00e9phone.<\/p>\n\n\n\n<p>5. Pr\u00e9voyez plus de temps pour d\u00e9poser et r\u00e9cup\u00e9rer les enfants afin d'\u00e9viter la pr\u00e9cipitation.<\/p>\n\n\n\n<h2 class=\"wp-block-heading\">Pourquoi la Tour Eiffel est-elle si c\u00e9l\u00e8bre ?<\/h2>\n\n\n\n<p>La Tour Eiffel est c\u00e9l\u00e8bre pour plusieurs raisons :<\/p>\n\n\n\n<ul class=\"wp-block-list\">\n<li>Il s'agit d'une merveille architecturale et d'une prouesse d'ing\u00e9nierie pour l'\u00e9poque.<\/li>\n\n\n\n<li>Il est devenu une ic\u00f4ne culturelle mondiale et un symbole de Paris.<\/li>\n\n\n\n<li>Sa conception unique et sa hauteur offrent une vue imprenable sur Paris.<\/li>\n\n\n\n<li>Il a jou\u00e9 un r\u00f4le important dans l'histoire, notamment dans les exp\u00e9riences scientifiques et les communications en temps de guerre.<\/li>\n<\/ul>\n\n\n\n<h3 class=\"wp-block-heading\">Quelle est la hauteur de la Tour Eiffel ?<\/h3>\n\n\n\n<p>La Tour Eiffel s'\u00e9l\u00e8ve \u00e0 324 m\u00e8tres de hauteur jusqu'\u00e0 la pointe. La tour comporte trois niveaux pour les visiteurs :<\/p>\n\n\n\n<p>- Premier \u00e9tage : 57 m\u00e8tres (187 pieds)<\/p>\n\n\n\n<p>- Deuxi\u00e8me \u00e9tage : 115 m\u00e8tres (377 pieds)<\/p>\n\n\n\n<p>- Dernier \u00e9tage : 276 m\u00e8tres (906 pieds)<\/p>\n\n\n\n<h2 class=\"wp-block-heading\">O\u00f9 se trouve la Tour Eiffel ?<\/h2>\n\n\n\n<p><strong>Localisation<\/strong>: Champ de Mars, 5 Avenue Anatole France, 75007 Paris, France<\/p>\n\n\n\n<p><strong>Heures<\/strong>:&nbsp;<\/p>\n\n\n\n<p>- \u00c9t\u00e9 (de mi-juin \u00e0 d\u00e9but septembre) : 9h00 \u00e0 12h45<\/p>\n\n\n\n<p>- Le reste de l'ann\u00e9e : 9h30 \u00e0 23h45<\/p>\n\n\n\n<p>La derni\u00e8re admission a lieu 45 minutes avant la fermeture.<\/p>\n\n\n\n<p><strong>Billets<\/strong>:&nbsp;<\/p>\n\n\n\n<p>- Escalier d'acc\u00e8s au 2\u00e8me \u00e9tage : A partir de 10,70<\/p>\n\n\n\n<p>- Acc\u00e8s au 2\u00e8me \u00e9tage par ascenseur : A partir de 17,10<\/p>\n\n\n\n<p>- Acc\u00e8s au sommet par ascenseur : A partir de 26,10<\/p>\n\n\n\n<p>Les prix varient en fonction de l'\u00e2ge et du type de billet. Il est fortement recommand\u00e9 de r\u00e9server en ligne \u00e0 l'avance.<\/p>\n\n\n\n<h3 class=\"wp-block-heading\">Combien de marches compte la Tour Eiffel ?<\/h3>\n\n\n\n<p>De l'esplanade au sommet de la Tour Eiffel, il y a 1 665 marches. Cependant, l'escalier qui m\u00e8ne du 2e \u00e9tage au sommet n'est pas ouvert au public. Les visiteurs peuvent monter les escaliers du 1er \u00e9tage (328 marches) et du 2e \u00e9tage (674 marches).<\/p>\n\n\n\n<h3 class=\"wp-block-heading\">A quelle distance se trouve la Tour Eiffel de l'a\u00e9roport ?<\/h3>\n\n\n\n<p>La distance d\u00e9pend de l'a\u00e9roport de Paris auquel vous faites r\u00e9f\u00e9rence :<\/p>\n\n\n\n<p>- Depuis l'a\u00e9roport Charles de Gaulle : Environ 31 km (19 miles), 45-60 minutes en voiture ou en taxi.<\/p>\n\n\n\n<p>- Depuis l'a\u00e9roport d'Orly : Environ 18 km (11 miles), 30-45 minutes en voiture ou en taxi<\/p>\n\n\n\n<h2 class=\"wp-block-heading\">Qu'y a-t-il pr\u00e8s de la Tour Eiffel ?<\/h2>\n\n\n\n<p>Plusieurs attractions sont accessibles \u00e0 pied depuis la Tour Eiffel :<\/p>\n\n\n\n<p>1. Place du Trocad\u00e9ro : Offre la meilleure vue sur la Tour Eiffel<\/p>\n\n\n\n<p>2. Champ de Mars : Grand parc public id\u00e9al pour les pique-niques<\/p>\n\n\n\n<p>3. Les Invalides : Complexe historique avec des mus\u00e9es et le tombeau de Napol\u00e9on<\/p>\n\n\n\n<p>4. Mus\u00e9e du Quai Branly : Mus\u00e9e pr\u00e9sentant l'art et les cultures indig\u00e8nes<\/p>\n\n\n\n<p>5. La Seine : Faites une croisi\u00e8re pittoresque sur la Seine<\/p>\n\n\n\n<p>6. Rue Cler : Charmante rue du march\u00e9 avec des caf\u00e9s et des boutiques<\/p>\n\n\n\n<p>En utilisant des options de stockage de bagages pratiques telles que Radical Storage, vous pouvez explorer ces attractions et bien plus encore sans le fardeau de sacs trop lourds, ce qui vous garantit une visite agr\u00e9able et sans encombre de l'un des sites les plus embl\u00e9matiques du monde.<\/p>","protected":false},"excerpt":{"rendered":"<p>The Eiffel Tower, an iconic symbol of Paris and one of the world&#8217;s most recognizable landmarks attracts millions of visitors annually. Whether you&#8217;re climbing to its heights for breathtaking views or admiring it from the ground, carrying heavy luggage can quickly diminish the experience. This comprehensive guide explores luggage storage options near the Eiffel Tower, [&hellip;]<\/p>\n","protected":false},"author":1,"featured_media":85,"comment_status":"closed","ping_status":"closed","sticky":false,"template":"","format":"standard","meta":{"footnotes":""},"categories":[2],"tags":[],"class_list":["post-11","post","type-post","status-publish","format-standard","has-post-thumbnail","hentry","category-paris-attractions"],"yoast_head":"<!-- This site is optimized with the Yoast SEO plugin v27.5 - https:\/\/yoast.com\/product\/yoast-seo-wordpress\/ -->\n<title>Eiffel Tower Luggage Storage 2024 luggagestorageparis.fr<\/title>\n<meta name=\"description\" content=\"This comprehensive guide explores all Eiffel Tower luggage storage options ensuring you can fully enjoy this magnificent structure.\" \/>\n<meta name=\"robots\" content=\"index, follow, max-snippet:-1, max-image-preview:large, max-video-preview:-1\" \/>\n<link rel=\"canonical\" href=\"https:\/\/www.luggagestorageparis.fr\/fr\/la-consigne-de-la-tour-eiffel\/\" \/>\n<meta property=\"og:locale\" content=\"fr_FR\" \/>\n<meta property=\"og:type\" content=\"article\" \/>\n<meta property=\"og:title\" content=\"Eiffel Tower Luggage Storage 2024 luggagestorageparis.fr\" \/>\n<meta property=\"og:description\" content=\"This comprehensive guide explores all Eiffel Tower luggage storage options ensuring you can fully enjoy this magnificent structure.\" \/>\n<meta property=\"og:url\" content=\"https:\/\/www.luggagestorageparis.fr\/fr\/la-consigne-de-la-tour-eiffel\/\" \/>\n<meta property=\"og:site_name\" content=\"luggagestorageparis.fr\" \/>\n<meta property=\"article:published_time\" content=\"2024-06-13T19:41:01+00:00\" \/>\n<meta property=\"article:modified_time\" content=\"2024-11-05T14:32:44+00:00\" \/>\n<meta property=\"og:image\" content=\"https:\/\/www.luggagestorageparis.fr\/wp-content\/uploads\/2024\/06\/paris-eiffel-tower.jpg\" \/>\n\t<meta property=\"og:image:width\" content=\"1920\" \/>\n\t<meta property=\"og:image:height\" content=\"1280\" \/>\n\t<meta property=\"og:image:type\" content=\"image\/jpeg\" \/>\n<meta name=\"author\" content=\"Erick\" \/>\n<meta name=\"twitter:card\" content=\"summary_large_image\" \/>\n<meta name=\"twitter:label1\" content=\"\u00c9crit par\" \/>\n\t<meta name=\"twitter:data1\" content=\"Erick\" \/>\n\t<meta name=\"twitter:label2\" content=\"Dur\u00e9e de lecture estim\u00e9e\" \/>\n\t<meta name=\"twitter:data2\" content=\"5 minutes\" \/>\n<script type=\"application\/ld+json\" class=\"yoast-schema-graph\">{\"@context\":\"https:\\\/\\\/schema.org\",\"@graph\":[{\"@type\":\"Article\",\"@id\":\"https:\\\/\\\/www.luggagestorageparis.fr\\\/eiffel-tower-luggage-storage\\\/#article\",\"isPartOf\":{\"@id\":\"https:\\\/\\\/www.luggagestorageparis.fr\\\/eiffel-tower-luggage-storage\\\/\"},\"author\":{\"name\":\"Erick\",\"@id\":\"https:\\\/\\\/www.luggagestorageparis.fr\\\/#\\\/schema\\\/person\\\/d73891a3779b6286523363c07652375c\"},\"headline\":\"Eiffel Tower Luggage Storage 2024\",\"datePublished\":\"2024-06-13T19:41:01+00:00\",\"dateModified\":\"2024-11-05T14:32:44+00:00\",\"mainEntityOfPage\":{\"@id\":\"https:\\\/\\\/www.luggagestorageparis.fr\\\/eiffel-tower-luggage-storage\\\/\"},\"wordCount\":925,\"image\":{\"@id\":\"https:\\\/\\\/www.luggagestorageparis.fr\\\/eiffel-tower-luggage-storage\\\/#primaryimage\"},\"thumbnailUrl\":\"https:\\\/\\\/www.luggagestorageparis.fr\\\/wp-content\\\/uploads\\\/2024\\\/06\\\/paris-eiffel-tower.jpg\",\"articleSection\":[\"Paris Attractions\"],\"inLanguage\":\"fr-FR\"},{\"@type\":\"WebPage\",\"@id\":\"https:\\\/\\\/www.luggagestorageparis.fr\\\/eiffel-tower-luggage-storage\\\/\",\"url\":\"https:\\\/\\\/www.luggagestorageparis.fr\\\/eiffel-tower-luggage-storage\\\/\",\"name\":\"Eiffel Tower Luggage Storage 2024 luggagestorageparis.fr\",\"isPartOf\":{\"@id\":\"https:\\\/\\\/www.luggagestorageparis.fr\\\/#website\"},\"primaryImageOfPage\":{\"@id\":\"https:\\\/\\\/www.luggagestorageparis.fr\\\/eiffel-tower-luggage-storage\\\/#primaryimage\"},\"image\":{\"@id\":\"https:\\\/\\\/www.luggagestorageparis.fr\\\/eiffel-tower-luggage-storage\\\/#primaryimage\"},\"thumbnailUrl\":\"https:\\\/\\\/www.luggagestorageparis.fr\\\/wp-content\\\/uploads\\\/2024\\\/06\\\/paris-eiffel-tower.jpg\",\"datePublished\":\"2024-06-13T19:41:01+00:00\",\"dateModified\":\"2024-11-05T14:32:44+00:00\",\"author\":{\"@id\":\"https:\\\/\\\/www.luggagestorageparis.fr\\\/#\\\/schema\\\/person\\\/d73891a3779b6286523363c07652375c\"},\"description\":\"This comprehensive guide explores all Eiffel Tower luggage storage options ensuring you can fully enjoy this magnificent structure.\",\"breadcrumb\":{\"@id\":\"https:\\\/\\\/www.luggagestorageparis.fr\\\/eiffel-tower-luggage-storage\\\/#breadcrumb\"},\"inLanguage\":\"fr-FR\",\"potentialAction\":[{\"@type\":\"ReadAction\",\"target\":[\"https:\\\/\\\/www.luggagestorageparis.fr\\\/eiffel-tower-luggage-storage\\\/\"]}]},{\"@type\":\"ImageObject\",\"inLanguage\":\"fr-FR\",\"@id\":\"https:\\\/\\\/www.luggagestorageparis.fr\\\/eiffel-tower-luggage-storage\\\/#primaryimage\",\"url\":\"https:\\\/\\\/www.luggagestorageparis.fr\\\/wp-content\\\/uploads\\\/2024\\\/06\\\/paris-eiffel-tower.jpg\",\"contentUrl\":\"https:\\\/\\\/www.luggagestorageparis.fr\\\/wp-content\\\/uploads\\\/2024\\\/06\\\/paris-eiffel-tower.jpg\",\"width\":1920,\"height\":1280,\"caption\":\"eiffel tower luggage storage\"},{\"@type\":\"BreadcrumbList\",\"@id\":\"https:\\\/\\\/www.luggagestorageparis.fr\\\/eiffel-tower-luggage-storage\\\/#breadcrumb\",\"itemListElement\":[{\"@type\":\"ListItem\",\"position\":1,\"name\":\"Home\",\"item\":\"https:\\\/\\\/www.luggagestorageparis.fr\\\/\"},{\"@type\":\"ListItem\",\"position\":2,\"name\":\"Eiffel Tower Luggage Storage 2024\"}]},{\"@type\":\"WebSite\",\"@id\":\"https:\\\/\\\/www.luggagestorageparis.fr\\\/#website\",\"url\":\"https:\\\/\\\/www.luggagestorageparis.fr\\\/\",\"name\":\"luggagestorageparis.fr\",\"description\":\"\",\"potentialAction\":[{\"@type\":\"SearchAction\",\"target\":{\"@type\":\"EntryPoint\",\"urlTemplate\":\"https:\\\/\\\/www.luggagestorageparis.fr\\\/?s={search_term_string}\"},\"query-input\":{\"@type\":\"PropertyValueSpecification\",\"valueRequired\":true,\"valueName\":\"search_term_string\"}}],\"inLanguage\":\"fr-FR\"},{\"@type\":\"Person\",\"@id\":\"https:\\\/\\\/www.luggagestorageparis.fr\\\/#\\\/schema\\\/person\\\/d73891a3779b6286523363c07652375c\",\"name\":\"Erick\",\"image\":{\"@type\":\"ImageObject\",\"inLanguage\":\"fr-FR\",\"@id\":\"https:\\\/\\\/secure.gravatar.com\\\/avatar\\\/d43f9419ace547aef30b3812b3b6ac1e3b81adcf6333b70989ff540d83987e8a?s=96&d=mm&r=g\",\"url\":\"https:\\\/\\\/secure.gravatar.com\\\/avatar\\\/d43f9419ace547aef30b3812b3b6ac1e3b81adcf6333b70989ff540d83987e8a?s=96&d=mm&r=g\",\"contentUrl\":\"https:\\\/\\\/secure.gravatar.com\\\/avatar\\\/d43f9419ace547aef30b3812b3b6ac1e3b81adcf6333b70989ff540d83987e8a?s=96&d=mm&r=g\",\"caption\":\"Erick\"},\"sameAs\":[\"http:\\\/\\\/www.luggagestorageparis.fr\"],\"url\":\"https:\\\/\\\/www.luggagestorageparis.fr\\\/fr\\\/author\\\/erick\\\/\"}]}<\/script>\n<!-- \/ Yoast SEO plugin. -->","yoast_head_json":{"title":"Tour Eiffel Bagagerie 2024 luggagestorageparis.fr","description":"Ce guide complet explore toutes les options de stockage des bagages de la Tour Eiffel afin que vous puissiez profiter pleinement de cette magnifique structure.","robots":{"index":"index","follow":"follow","max-snippet":"max-snippet:-1","max-image-preview":"max-image-preview:large","max-video-preview":"max-video-preview:-1"},"canonical":"https:\/\/www.luggagestorageparis.fr\/fr\/la-consigne-de-la-tour-eiffel\/","og_locale":"fr_FR","og_type":"article","og_title":"Eiffel Tower Luggage Storage 2024 luggagestorageparis.fr","og_description":"This comprehensive guide explores all Eiffel Tower luggage storage options ensuring you can fully enjoy this magnificent structure.","og_url":"https:\/\/www.luggagestorageparis.fr\/fr\/la-consigne-de-la-tour-eiffel\/","og_site_name":"luggagestorageparis.fr","article_published_time":"2024-06-13T19:41:01+00:00","article_modified_time":"2024-11-05T14:32:44+00:00","og_image":[{"width":1920,"height":1280,"url":"https:\/\/www.luggagestorageparis.fr\/wp-content\/uploads\/2024\/06\/paris-eiffel-tower.jpg","type":"image\/jpeg"}],"author":"Erick","twitter_card":"summary_large_image","twitter_misc":{"\u00c9crit par":"Erick","Dur\u00e9e de lecture estim\u00e9e":"5 minutes"},"schema":{"@context":"https:\/\/schema.org","@graph":[{"@type":"Article","@id":"https:\/\/www.luggagestorageparis.fr\/eiffel-tower-luggage-storage\/#article","isPartOf":{"@id":"https:\/\/www.luggagestorageparis.fr\/eiffel-tower-luggage-storage\/"},"author":{"name":"Erick","@id":"https:\/\/www.luggagestorageparis.fr\/#\/schema\/person\/d73891a3779b6286523363c07652375c"},"headline":"Eiffel Tower Luggage Storage 2024","datePublished":"2024-06-13T19:41:01+00:00","dateModified":"2024-11-05T14:32:44+00:00","mainEntityOfPage":{"@id":"https:\/\/www.luggagestorageparis.fr\/eiffel-tower-luggage-storage\/"},"wordCount":925,"image":{"@id":"https:\/\/www.luggagestorageparis.fr\/eiffel-tower-luggage-storage\/#primaryimage"},"thumbnailUrl":"https:\/\/www.luggagestorageparis.fr\/wp-content\/uploads\/2024\/06\/paris-eiffel-tower.jpg","articleSection":["Paris Attractions"],"inLanguage":"fr-FR"},{"@type":"WebPage","@id":"https:\/\/www.luggagestorageparis.fr\/eiffel-tower-luggage-storage\/","url":"https:\/\/www.luggagestorageparis.fr\/eiffel-tower-luggage-storage\/","name":"Tour Eiffel Bagagerie 2024 luggagestorageparis.fr","isPartOf":{"@id":"https:\/\/www.luggagestorageparis.fr\/#website"},"primaryImageOfPage":{"@id":"https:\/\/www.luggagestorageparis.fr\/eiffel-tower-luggage-storage\/#primaryimage"},"image":{"@id":"https:\/\/www.luggagestorageparis.fr\/eiffel-tower-luggage-storage\/#primaryimage"},"thumbnailUrl":"https:\/\/www.luggagestorageparis.fr\/wp-content\/uploads\/2024\/06\/paris-eiffel-tower.jpg","datePublished":"2024-06-13T19:41:01+00:00","dateModified":"2024-11-05T14:32:44+00:00","author":{"@id":"https:\/\/www.luggagestorageparis.fr\/#\/schema\/person\/d73891a3779b6286523363c07652375c"},"description":"Ce guide complet explore toutes les options de stockage des bagages de la Tour Eiffel afin que vous puissiez profiter pleinement de cette magnifique structure.","breadcrumb":{"@id":"https:\/\/www.luggagestorageparis.fr\/eiffel-tower-luggage-storage\/#breadcrumb"},"inLanguage":"fr-FR","potentialAction":[{"@type":"ReadAction","target":["https:\/\/www.luggagestorageparis.fr\/eiffel-tower-luggage-storage\/"]}]},{"@type":"ImageObject","inLanguage":"fr-FR","@id":"https:\/\/www.luggagestorageparis.fr\/eiffel-tower-luggage-storage\/#primaryimage","url":"https:\/\/www.luggagestorageparis.fr\/wp-content\/uploads\/2024\/06\/paris-eiffel-tower.jpg","contentUrl":"https:\/\/www.luggagestorageparis.fr\/wp-content\/uploads\/2024\/06\/paris-eiffel-tower.jpg","width":1920,"height":1280,"caption":"eiffel tower luggage storage"},{"@type":"BreadcrumbList","@id":"https:\/\/www.luggagestorageparis.fr\/eiffel-tower-luggage-storage\/#breadcrumb","itemListElement":[{"@type":"ListItem","position":1,"name":"Home","item":"https:\/\/www.luggagestorageparis.fr\/"},{"@type":"ListItem","position":2,"name":"Eiffel Tower Luggage Storage 2024"}]},{"@type":"WebSite","@id":"https:\/\/www.luggagestorageparis.fr\/#website","url":"https:\/\/www.luggagestorageparis.fr\/","name":"luggagestorageparis.fr","description":"","potentialAction":[{"@type":"SearchAction","target":{"@type":"EntryPoint","urlTemplate":"https:\/\/www.luggagestorageparis.fr\/?s={search_term_string}"},"query-input":{"@type":"PropertyValueSpecification","valueRequired":true,"valueName":"search_term_string"}}],"inLanguage":"fr-FR"},{"@type":"Person","@id":"https:\/\/www.luggagestorageparis.fr\/#\/schema\/person\/d73891a3779b6286523363c07652375c","name":"Erick","image":{"@type":"ImageObject","inLanguage":"fr-FR","@id":"https:\/\/secure.gravatar.com\/avatar\/d43f9419ace547aef30b3812b3b6ac1e3b81adcf6333b70989ff540d83987e8a?s=96&d=mm&r=g","url":"https:\/\/secure.gravatar.com\/avatar\/d43f9419ace547aef30b3812b3b6ac1e3b81adcf6333b70989ff540d83987e8a?s=96&d=mm&r=g","contentUrl":"https:\/\/secure.gravatar.com\/avatar\/d43f9419ace547aef30b3812b3b6ac1e3b81adcf6333b70989ff540d83987e8a?s=96&d=mm&r=g","caption":"Erick"},"sameAs":["http:\/\/www.luggagestorageparis.fr"],"url":"https:\/\/www.luggagestorageparis.fr\/fr\/author\/erick\/"}]}},"_links":{"self":[{"href":"https:\/\/www.luggagestorageparis.fr\/fr\/wp-json\/wp\/v2\/posts\/11","targetHints":{"allow":["GET"]}}],"collection":[{"href":"https:\/\/www.luggagestorageparis.fr\/fr\/wp-json\/wp\/v2\/posts"}],"about":[{"href":"https:\/\/www.luggagestorageparis.fr\/fr\/wp-json\/wp\/v2\/types\/post"}],"author":[{"embeddable":true,"href":"https:\/\/www.luggagestorageparis.fr\/fr\/wp-json\/wp\/v2\/users\/1"}],"replies":[{"embeddable":true,"href":"https:\/\/www.luggagestorageparis.fr\/fr\/wp-json\/wp\/v2\/comments?post=11"}],"version-history":[{"count":0,"href":"https:\/\/www.luggagestorageparis.fr\/fr\/wp-json\/wp\/v2\/posts\/11\/revisions"}],"wp:featuredmedia":[{"embeddable":true,"href":"https:\/\/www.luggagestorageparis.fr\/fr\/wp-json\/wp\/v2\/media\/85"}],"wp:attachment":[{"href":"https:\/\/www.luggagestorageparis.fr\/fr\/wp-json\/wp\/v2\/media?parent=11"}],"wp:term":[{"taxonomy":"category","embeddable":true,"href":"https:\/\/www.luggagestorageparis.fr\/fr\/wp-json\/wp\/v2\/categories?post=11"},{"taxonomy":"post_tag","embeddable":true,"href":"https:\/\/www.luggagestorageparis.fr\/fr\/wp-json\/wp\/v2\/tags?post=11"}],"curies":[{"name":"wp","href":"https:\/\/api.w.org\/{rel}","templated":true}]}}